{"id":14316,"date":"2018-01-08T00:00:00","date_gmt":"2018-01-08T07:00:00","guid":{"rendered":"https:\/\/www.syteca.com\/blog\/en-node-640\/"},"modified":"2024-02-20T10:46:53","modified_gmt":"2024-02-20T17:46:53","slug":"zgodnosc-ekran-system-z-rodo","status":"publish","type":"post","link":"https:\/\/www.syteca.com\/pl\/blog\/zgodnosc-ekran-system-z-rodo","title":{"rendered":"Zgodno\u015b\u0107 Syteca z RODO"},"content":{"rendered":"<p><strong>RODO (GDPR &#8211; General Data Protection Regulation) to unijne Rozporz\u0105dzenie o Ochronie Danych Osobowych, kt\u00f3r<\/strong><strong>e<\/strong><strong> zacznie obowi\u0105zywa\u0107 25 maja 2018.<\/strong> Zosta\u0142o ono jednak przyj\u0119te przez Parlament Europejski i Rad\u0119 Unii Europejskiej ju\u017c w 2016 roku. Co wa\u017cne, nowe prawo nie wymaga zgody poszczeg\u00f3lnych pa\u0144stw cz\u0142onkowskich, ale b\u0119dzie obowi\u0105zywa\u0107 na terenie ca\u0142ej UE.<\/p>\n<h2 >RODO \u2013 nowe regulacje dotycz\u0105ce przetwarzania danych osobowych<\/h2>\n<p>RODO zast\u0119puje europejsk\u0105 dyrektyw\u0119 o ochronie danych z 1995 roku. <strong>Jego zapisy reguluj\u0105 zasady przetwarzania, gromadzenia oraz wykorzystywania danych osobowych.<\/strong> Nak\u0142adaj\u0105 na przedsi\u0119biorc\u00f3w nie tylko nowe obowi\u0105zki, ale tak\u017ce wprowadzaj\u0105 sankcje za ich nieprzestrzeganie.<\/p>\n<p>Uchwalaj\u0105c nowe prawo Unia Europejska chcia\u0142a:<\/p>\n<ul>\n<li>zapewni\u0107 obywatelom UE lepsz\u0105 ochron\u0119 oraz kontrol\u0119 nad ich danymi osobowymi,<\/li>\n<li>ujednolici\u0107 obowi\u0105zuj\u0105ce na terenie Unii Europejskiej zasady dotycz\u0105ce przetwarzania danych osobowych,<\/li>\n<li>sprawi\u0107, aby przestrzeganie standard\u00f3w ochrony danych osobowych by\u0142o \u0142atwiejsze.<\/li>\n<\/ul>\n<h2 >Co si\u0119 zmieni\u0142o w przepisach o ochronie danych osobowych?<\/h2>\n<p>Zmiany w przepisach s\u0105 do\u015b\u0107 znaczne. Najwa\u017cniejsze z nich zosta\u0142y opisane poni\u017cej.<\/p>\n<p><a href=\"#s1\">1. Wi\u0119ksza liczba podmiot\u00f3w obj\u0119tych nowymi regulacjami<\/a><\/p>\n<p><a href=\"#s2\">2. Surowsze kary za niezgodno\u015b\u0107 z RODO<\/a><\/p>\n<h3>\n\t\t\t<a name=\"s1\"><\/a>1. Wi\u0119ksza liczba podmiot\u00f3w obj\u0119tych nowymi regulacjami<\/h3>\n<p>Kto jest adresatem nowych przepis\u00f3w? RODO dotyczy podmiot\u00f3w, kt\u00f3re:<\/p>\n<ul>\n<li>gromadz\u0105 i przetwarzaj\u0105 dane osobowe u\u017cytkownik\u00f3w,<\/li>\n<li>korzystaj\u0105 z prywatnych danych u\u017cytkownik\u00f3w.<\/li>\n<\/ul>\n<p><strong>Regulacje obejmuj\u0105 nie tylko podmioty, kt\u00f3re maj\u0105 swoj\u0105 siedzib\u0119 na terenie UE, ale tak\u017ce te z siedzib\u0105 poza Uni\u0105 Europejsk\u0105<\/strong>, oferuj\u0105ce swoje us\u0142ugi lub produkty obywatelom UE.<\/p>\n<p>Zgodno\u015b\u0107 z regulacj\u0105 RODO wymagana jest zar\u00f3wno w sytuacji, kiedy przetwarzanie danych osobowych ma miejsce na terenie UE, jak i poza jej granicami.<\/p>\n<p>Szacuje si\u0119, \u017ce oko\u0142o 90% firm, kt\u00f3re podlegaj\u0105 nowym przepisom nie jest obecnie przygotowanych do ich przestrzegania.<\/p>\n<h3>\n\t\t\t<a name=\"s2\"><\/a>2. Surowsze kary za niezgodno\u015b\u0107 z RODO<\/h3>\n<p><strong>RODO przewiduje mo\u017cliwo\u015b\u0107 na\u0142o\u017cenia kary na firm\u0119, kt\u00f3ra nie zastosuje si\u0119 do nowych regulacji.<\/strong> Jej wysoko\u015b\u0107 b\u0119dzie uzale\u017cniona od stopnia naruszenia przepis\u00f3w. Maksymalna kara mo\u017ce wynie\u015b\u0107:<\/p>\n<ul>\n<li>do 4% rocznego \u015bwiatowego obrotu,<\/li>\n<li>do 20 milion\u00f3w euro.<\/li>\n<\/ul>\n<p>Wybrany zostanie ten wariant, kt\u00f3ry pozwoli wyliczy\u0107 wy\u017csz\u0105 kwot\u0119.<\/p>\n<h2 >Wi\u0119cej praw dla os\u00f3b, kt\u00f3rych dane s\u0105 gromadzone i przetwarzane<\/h2>\n<p>Nowe Rozporz\u0105dzenie o Ochronie Danych Osobowych przewiduje szereg praw, kt\u00f3re b\u0119d\u0105 przys\u0142ugiwa\u0107 osobom, kt\u00f3rych dane s\u0105 gromadzone i przetwarzane. Co to s\u0105 za prawa? Ka\u017cdy obywatel UE b\u0119dzie mia\u0142 prawo do:<\/p>\n<ul>\n<li>bycia informowanym, \u017ce jego dane osobowe s\u0105 gromadzone,<\/li>\n<li>dost\u0119pu do gromadzonych danych,<\/li>\n<li>\u017c\u0105dania poprawienia b\u0142\u0119dnych danych,<\/li>\n<li>usuni\u0119cia gromadzonych danych,<\/li>\n<li>ograniczenia gromadzenia danych na jego temat,<\/li>\n<li>przekazywania jego danych innym podmiotom.<\/li>\n<\/ul>\n<p><a href=\"#s3\">1. Wy\u017csze standardy bezpiecze\u0144stwa danych<\/a><\/p>\n<p><a href=\"#s4\">2. Urz\u0119dnik ds. Ochrony Danych w firmie<\/a><\/p>\n<p><a href=\"#s5\">3. Zasada \u201ejednego punktu kompleksowej obs\u0142ugi\u201d<\/a><\/p>\n<h3><a name=\"s3\"><\/a>1. Wy\u017csze standardy bezpiecze\u0144stwa danych<\/h3>\n<p>RODO nak\u0142ada na firmy obowi\u0105zek wdro\u017cenia wszelkich niezb\u0119dnych \u015brodk\u00f3w \u2013 w oparciu o szczeg\u00f3\u0142ow\u0105 analiz\u0119 i ocen\u0119 ryzyka \u2013 kt\u00f3re zagwarantuj\u0105 pe\u0142n\u0105 ochron\u0119 gromadzonych danych. Takimi \u015brodkami mog\u0105 by\u0107 na przyk\u0142ad:<\/p>\n<ul>\n<li>szyfrowanie,<\/li>\n<li>kontrola dost\u0119pu,<\/li>\n<li>monitorowanie dzia\u0142a\u0144 zwi\u0105zanych z przetwarzaniem gromadzonych danych.<\/li>\n<\/ul>\n<h3><a name=\"s4\"><\/a>2. Urz\u0119dnik ds. Ochrony Danych w firmie<\/h3>\n<p>Nowe przepisy nak\u0142adaj\u0105 r\u00f3wnie\u017c na firmy gromadz\u0105ce i przetwarzaj\u0105ce dane osobowe <strong>obowi\u0105zek stworzenia stanowiska Urz\u0119dnika ds. Ochrony Danych<\/strong>. Zadaniem takiej osoby b\u0119dzie:<\/p>\n<ul>\n<li>monitorowanie i kontrolowanie, czy dane s\u0105 gromadzone i przetwarzane zgodnie z prawem,<\/li>\n<li>przetwarzanie i rozpatrywanie \u017c\u0105da\u0144 os\u00f3b, kt\u00f3rych dane s\u0105 gromadzone.<\/li>\n<\/ul>\n<h3><a name=\"s5\"><\/a>3. Zasada \u201ejednego punktu kompleksowej obs\u0142ugi\u201d<\/h3>\n<p><strong>RODO upraszcza proces sk\u0142adania skarg<\/strong> dotycz\u0105cych naruszenia przepis\u00f3w zwi\u0105zanych z ochron\u0105 danych osobowych. Obywatel UE, kt\u00f3rego prawa zostan\u0105 naruszone, b\u0119dzie m\u00f3g\u0142 z\u0142o\u017cy\u0107 skarg\u0119 w kraju zamieszkania nawet wtedy, je\u015bli firma gromadz\u0105ca dane ma siedzib\u0119 w innym kraju.<\/p>\n<h2 >Zgodno\u015b\u0107 Syteca z RODO \u2013 jak Syteca pomaga dostosowa\u0107 si\u0119 do RODO?<\/h2>\n<p><strong>Syteca to narz\u0119dzie, kt\u00f3re pozwala <a href=\"\/pl\">skutecznie zabezpieczy\u0107 firmowe systemy IT<\/a> przed zagro\u017ceniami wewn\u0119trznymi.<\/strong> Jego dzia\u0142anie polega mi\u0119dzy innymi na <a href=\"\/pl\/produkt\/monitoring-aktywnosci-uzytkownika\">monitorowaniu aktywno\u015bci u\u017cytkownika komputera<\/a> czy serwera. Monitoring u\u017cytkownika przy pomocy Syteca pozwala w por\u0119 wykry\u0107 zagro\u017cenie i b\u0142yskawicznie je wyeliminowa\u0107.<\/p>\n<p>Syteca to narz\u0119dzie, kt\u00f3rego u\u017cywanie jest legalne i zgodne z przepisami o ochronie danych osobowych, w tym RODO.<\/p>\n<p>Poni\u017cej przedstawiamy cztery rozwi\u0105zania, dzi\u0119ki kt\u00f3rym Syteca jest zgodny z RODO.<\/p>\n<p><a href=\"#s6\">1. Wykazanie zgodno\u015bci z RODO<\/a><\/p>\n<p><a href=\"#s7\">2. Prowadzenie rejestr\u00f3w dzia\u0142a\u0144 zwi\u0105zanych z przetwarzaniem danych<\/a><\/p>\n<p><a href=\"#s8\">3. Wzmocnienie ochrony danych osobowych<\/a><\/p>\n<p><a href=\"#s9\">4. Szybkie i skuteczne \u015bledztwo w razie wyst\u0105pienia nieprawid\u0142owo\u015bci<\/a><\/p>\n<h3><a name=\"s6\"><\/a>1. Wykazanie zgodno\u015bci z RODO<\/h3>\n<p>Zgodnie z nowymi przepisami, <strong>firma gromadz\u0105ca i przetwarzaj\u0105ca dane musi by\u0107 w stanie wykaza\u0107 organowi regulacyjnemu, \u017ce prowadzone przez ni\u0105 dzia\u0142ania s\u0105 zgodne z RODO<\/strong>. Syteca pomaga wykaza\u0107 \u00f3w zgodno\u015b\u0107. W jaki spos\u00f3b?<\/p>\n<p>Syteca rejestruje &#8211; w formie nagra\u0144 video &#8211; wszystkie czynno\u015bci wykonywane przez u\u017cytkownika. Pisz\u0105c bardziej obrazowo \u2013 nagrywa wszystko to, co dzieje si\u0119 na ekranie komputera. Jednocze\u015bnie przechwytuje szczeg\u00f3\u0142owe metadane, dzi\u0119ki kt\u00f3rym nagrania mo\u017cna w \u0142atwy spos\u00f3b przeszukiwa\u0107. Otrzymujemy w ten spos\u00f3b szczeg\u00f3\u0142owy i kompletny zapis aktywno\u015bci u\u017cytkownika. Histori\u0119, kt\u00f3r\u0105 mo\u017cna w dowolnym momencie odtworzy\u0107.<\/p>\n<p>Zarejestrowana \u015bcie\u017cka audytu jest swego rodzaju dowodem na zgodno\u015b\u0107 z RODO. Pokazuje ona bowiem jednoznacznie, kto i w jaki spos\u00f3b przetwarza\u0142 dane. W czasie ewentualnej kontroli firma mo\u017ce przedstawi\u0107 kontrolerowi \u2013 poza pisemnymi zapisami dotycz\u0105cymi przetwarzania danych \u2013 kompletn\u0105 \u015bcie\u017ck\u0119 audytu Syteca. To niezbity dow\u00f3d na to, \u017ce wszystko odbywa\u0142o si\u0119 zgodnie z prawem.<\/p>\n<h3><a name=\"s7\"><\/a>2. Prowadzenie rejestr\u00f3w dzia\u0142a\u0144 zwi\u0105zanych z przetwarzaniem danych<\/h3>\n<p>Unijne regulacje nak\u0142adaj\u0105 r\u00f3wnie\u017c na firmy <strong>obowi\u0105zek prowadzenia rejestr\u00f3w wszystkich dzia\u0142a\u0144 zwi\u0105zanych z przetwarzaniem danych osobowych<\/strong>. Rejestr taki powinien w czytelny spos\u00f3b przedstawia\u0107, kto i jak przetwarza zgromadzone dane.<\/p>\n<p>Narz\u0119dzie do monitowania aktywno\u015bci u\u017cytkownik\u00f3w jakim jest Syteca umo\u017cliwia \u0142atwe gromadzenie informacji potrzebnych do przetwarzania danych. <strong>Zaawansowane opcje uwierzytelniania<\/strong> pozwalaj\u0105 na \u0142atwe przyporz\u0105dkowanie zarejestrowanej sesji do konkretnego u\u017cytkownika. Jest to mo\u017cliwe nawet w przypadku u\u017cywania kont wsp\u00f3\u0142dzielonych. Agent monitorowania, kt\u00f3ry posiada niskopoziomow\u0105 ochron\u0119, mo\u017ce rejestrowa\u0107 ca\u0142\u0105 aktywno\u015b\u0107 u\u017cytkownika, bez wzgl\u0119du na u\u017cywane oprogramowanie.<\/p>\n<p>Syteca zosta\u0142 wyposa\u017cony w szeroki wachlarz filtr\u00f3w nagrywania. Narz\u0119dzie pozwala wybra\u0107 na przyk\u0142ad:<\/p>\n<ul>\n<li>o jakiej godzinie ma si\u0119 rozpocz\u0105\u0107 nagrywanie,<\/li>\n<li>aktywno\u015b\u0107 w jakich aplikacjach ma by\u0107 nagrywana.<\/li>\n<\/ul>\n<p>Dzi\u0119ki temu otrzymujemy wy\u0142\u0105cznie te informacje, na kt\u00f3rych nam zale\u017cy.<\/p>\n<p>Syteca pozwala stworzy\u0107 pe\u0142n\u0105 \u015bcie\u017ck\u0119 audytu, kt\u00f3ra mo\u017ce by\u0107 dowodem na to, \u017ce dane by\u0142y przetwarzane zgodnie z prawem.<\/p>\n<h3><a name=\"s8\"><\/a>3. Wzmocnienie ochrony danych osobowych<\/h3>\n<p>Celem uchwalenia przez Uni\u0119 Europejsk\u0105 RODO by\u0142o mi\u0119dzy innymi wzmocnienie ochrony danych osobowych, kt\u00f3re s\u0105 gromadzone i przetwarzane przez r\u00f3\u017cnego rodzaju firmy.<\/p>\n<p><strong>Syteca jest nie tylko zgodny z przepisami o ochronie danych osobowych, ale tak\u017ce wzmacnia ochron\u0119 gromadzonych danych.<\/strong> To nowoczesne narz\u0119dzie, dzi\u0119ki kt\u00f3remu mo\u017cna zapewni\u0107 bezpiecze\u0144stwo IT w firmie. Syteca pozwala szybko wykry\u0107 niebezpieczne zdarzenie i je wyeliminowa\u0107. W razie wykrycia niew\u0142a\u015bciwego, niezgodnego z prawem, wykorzystywania zgromadzonych danych, osoba odpowiedzialna za bezpiecze\u0144stwo IT w firmie mo\u017ce szybko zablokowa\u0107 dan\u0105 sesj\u0119.<\/p>\n<p>Syteca zosta\u0142 wyposa\u017cony w rozbudowane funkcje kontroli dost\u0119pu. Jedn\u0105 z nich jest <strong>uwierzytelnianie dwusk\u0142adnikowe<\/strong>. Wszystko po to, aby gromadzone przez firm\u0119 dane by\u0142y skutecznie chronione przed nieautoryzowanym dost\u0119pem:<\/p>\n<ul>\n<li>os\u00f3b z zewn\u0105trz,<\/li>\n<li>pracownik\u00f3w firmy.<\/li>\n<\/ul>\n<h3><a name=\"s9\"><\/a>4. Szybkie i skuteczne \u015bledztwo w razie wyst\u0105pienia nieprawid\u0142owo\u015bci<\/h3>\n<p>Syteca to narz\u0119dzie, kt\u00f3re umo\u017cliwia szybkie wykrycie wszelkich nieprawid\u0142owo\u015bci zwi\u0105zanych z niew\u0142a\u015bciwym wykorzystaniem zgromadzonych danych. Jest to bardzo istotne, poniewa\u017c nowe unijne przepisy nak\u0142adaj\u0105 na firm\u0119, w kt\u00f3rej dosz\u0142o do kradzie\u017cy danych lub innych tego typu zdarze\u0144, <strong>obowi\u0105zek poinformowania<\/strong> o tym fakcie zar\u00f3wno osoby, kt\u00f3rej dane s\u0105 zagro\u017cone, jak i w\u0142a\u015bciwych organ\u00f3w. Co wa\u017cne, musi to nast\u0105pi\u0107 <strong>w przeci\u0105gu 72 godzin od momentu wykrycia zagro\u017cenia<\/strong>.<\/p>\n<p>Wspomniana informacja powinna zawiera\u0107:<\/p>\n<ul>\n<li>szczeg\u00f3\u0142owy opis zdarzenia,<\/li>\n<li>opis \u015brodk\u00f3w, jakie firma podj\u0119\u0142a w celu unikni\u0119cia tego typu zdarze\u0144 w przysz\u0142o\u015bci.<\/li>\n<\/ul>\n<p>Syteca posiada niezwykle przydatn\u0105 funkcj\u0119, jak\u0105 jest <a href=\"\/pl\/produkt\/alerty-i-powiadomienia\"><strong>alertowanie w czasie rzeczywistym<\/strong><\/a>. Narz\u0119dzie umo\u017cliwia konfigurowanie w\u0142asnych regu\u0142 alert\u00f3w, tak aby osoba odpowiedzialna za bezpiecze\u0144stwo IT w firmie otrzymywa\u0142a natychmiastow\u0105 informacj\u0119 o konkretnym zdarzeniu. Po otrzymaniu alertu mo\u017cna na przyk\u0142ad zablokowa\u0107 sesj\u0119, w kt\u00f3rej dosz\u0142o do niebezpiecznego zdarzenia. Syteca umo\u017cliwia przeprowadzenie dok\u0142adnej analizy zdarzenia na podstawie zapisu sesji w formie nagrania video.<\/p>\n<p>Oprogramowanie umo\u017cliwia tak\u017ce eksportowanie danych do formatu forensic. Plik taki mo\u017ce pos\u0142u\u017cy\u0107 jako dow\u00f3d przy ewentualnej kontroli, a nawet w s\u0105dzie.<\/p>\n<p>Reasumuj\u0105c, Syteca jest zgodny z RODO. To narz\u0119dzie, kt\u00f3re umo\u017cliwia:<\/p>\n<ul>\n<li>b\u0142yskawiczne wykrycie zagro\u017cenia,<\/li>\n<li>przeprowadzenie szczeg\u00f3\u0142owej analizy zdarzenia,<\/li>\n<li>przygotowanie raportu.<\/li>\n<\/ul>\n<p>Wszystko to odbywa si\u0119 przed up\u0142ywem 72 godzin, kt\u00f3re s\u0105 wymagane przez RODO.<\/p>\n<h2 >Syteca \u2013 rozwi\u0105zanie zgodne z RODO dost\u0119pne dla ka\u017cdej firmy<\/h2>\n<p>Syteca jest doskona\u0142ym przyk\u0142adem na to, \u017ce nowoczesne oprogramowanie zgodne z RODO mo\u017ce by\u0107 dost\u0119pne za rozs\u0105dne pieni\u0105dze. Elastyczny model licencjonowania powoduje, \u017ce narz\u0119dzie jest dost\u0119pne nie tylko dla du\u017cych przedsi\u0119biorstw, ale tak\u017ce ma\u0142ych firm.<\/p>\n<p>Syteca to idealne rozwi\u0105zanie dla firm, kt\u00f3re szukaj\u0105 kompleksowego narz\u0119dzia do ochrony przed zagro\u017ceniami wewn\u0119trznymi, zgodnego z przepisami o ochronie danych osobowych.<\/p>\n","protected":false},"excerpt":{"rendered":"<p>RODO (GDPR &#8211; General Data Protection Regulation) to unijne Rozporz\u0105dzenie o Ochronie Danych Osobowych, kt\u00f3re zacznie obowi\u0105zywa\u0107 25 maja 2018. Zosta\u0142o ono jednak przyj\u0119te przez Parlament Europejski i Rad\u0119 Unii Europejskiej ju\u017c w 2016 roku. Co wa\u017cne, nowe prawo nie wymaga zgody poszczeg\u00f3lnych pa\u0144stw cz\u0142onkowskich, ale b\u0119dzie obowi\u0105zywa\u0107 na terenie ca\u0142ej UE. RODO \u2013 nowe [&hellip;]<\/p>\n","protected":false},"author":24,"featured_media":16163,"comment_status":"closed","ping_status":"open","sticky":false,"template":"","format":"standard","meta":{"footnotes":""},"categories":[70],"tags":[],"class_list":["post-14316","post","type-post","status-publish","format-standard","has-post-thumbnail","hentry","category-industry-compliance"],"yoast_head":"<!-- This site is optimized with the Yoast SEO plugin v27.0 - https:\/\/yoast.com\/product\/yoast-seo-wordpress\/ -->\n<title>Zgodno\u015b\u0107 Syteca z RODO | Syteca<\/title>\n<meta name=\"description\" content=\"RODO (GDPR - General Data Protection Regulation) to unijne Rozporz\u0105dzenie o Ochronie Danych Osobowych, kt\u00f3re zacznie obowi\u0105zywa\u0107 25 maja 2018. Zosta\u0142o ono jednak przyj\u0119te przez Parlament Europejski i Rad\u0119 Unii Europejskiej ju\u017c w 2016 roku. Co wa\u017cne, nowe prawo nie wymaga zgody poszczeg\u00f3lnych pa\u0144stw cz\u0142onkowskich, ale b\u0119dzie obowi\u0105zywa\u0107 na terenie ca\u0142ej UE.RODO \u2013 nowe regulacje dotycz\u0105ce przetwarzania danych osobowych\u00a0\" \/>\n<meta name=\"robots\" content=\"index, follow, max-snippet:-1, max-image-preview:large, max-video-preview:-1\" \/>\n<link rel=\"canonical\" href=\"https:\/\/www.syteca.com\/pl\/blog\/zgodnosc-ekran-system-z-rodo\" \/>\n<meta property=\"og:locale\" content=\"pl_PL\" \/>\n<meta property=\"og:type\" content=\"article\" \/>\n<meta property=\"og:title\" content=\"Zgodno\u015b\u0107 Syteca z RODO | Syteca\" \/>\n<meta property=\"og:description\" content=\"RODO (GDPR - General Data Protection Regulation) to unijne Rozporz\u0105dzenie o Ochronie Danych Osobowych, kt\u00f3re zacznie obowi\u0105zywa\u0107 25 maja 2018. Zosta\u0142o ono jednak przyj\u0119te przez Parlament Europejski i Rad\u0119 Unii Europejskiej ju\u017c w 2016 roku. Co wa\u017cne, nowe prawo nie wymaga zgody poszczeg\u00f3lnych pa\u0144stw cz\u0142onkowskich, ale b\u0119dzie obowi\u0105zywa\u0107 na terenie ca\u0142ej UE.RODO \u2013 nowe regulacje dotycz\u0105ce przetwarzania danych osobowych\u00a0\" \/>\n<meta property=\"og:url\" content=\"https:\/\/www.syteca.com\/pl\/blog\/zgodnosc-ekran-system-z-rodo\" \/>\n<meta property=\"og:site_name\" content=\"Syteca\" \/>\n<meta property=\"article:published_time\" content=\"2018-01-08T07:00:00+00:00\" \/>\n<meta property=\"article:modified_time\" content=\"2024-02-20T17:46:53+00:00\" \/>\n<meta property=\"og:image\" content=\"https:\/\/www.syteca.com\/wp-content\/uploads\/2023\/04\/gdpr_0.jpg\" \/>\n\t<meta property=\"og:image:width\" content=\"730\" \/>\n\t<meta property=\"og:image:height\" content=\"250\" \/>\n\t<meta property=\"og:image:type\" content=\"image\/jpeg\" \/>\n<meta name=\"author\" content=\"Pawel Chudzinski\" \/>\n<meta name=\"twitter:card\" content=\"summary_large_image\" \/>\n<meta name=\"twitter:label1\" content=\"Napisane przez\" \/>\n\t<meta name=\"twitter:data1\" content=\"Pawel Chudzinski\" \/>\n<script type=\"application\/ld+json\" class=\"yoast-schema-graph\">{\"@context\":\"https:\/\/schema.org\",\"@graph\":[{\"@type\":\"Article\",\"@id\":\"https:\/\/www.syteca.com\/pl\/blog\/zgodnosc-ekran-system-z-rodo#article\",\"isPartOf\":{\"@id\":\"https:\/\/www.syteca.com\/pl\/blog\/zgodnosc-ekran-system-z-rodo\"},\"author\":{\"name\":\"Pawel Chudzinski\",\"@id\":\"https:\/\/www.syteca.com\/pl#\/schema\/person\/328bfce3a5bccd4ff88da7867ce5e877\"},\"headline\":\"Zgodno\u015b\u0107 Syteca z RODO\",\"datePublished\":\"2018-01-08T07:00:00+00:00\",\"dateModified\":\"2024-02-20T17:46:53+00:00\",\"mainEntityOfPage\":{\"@id\":\"https:\/\/www.syteca.com\/pl\/blog\/zgodnosc-ekran-system-z-rodo\"},\"wordCount\":1608,\"image\":{\"@id\":\"https:\/\/www.syteca.com\/pl\/blog\/zgodnosc-ekran-system-z-rodo#primaryimage\"},\"thumbnailUrl\":\"https:\/\/www.syteca.com\/wp-content\/uploads\/2023\/04\/gdpr_0.jpg\",\"articleSection\":[\"Zgodno\u015b\u0107\"],\"inLanguage\":\"pl-PL\"},{\"@type\":\"WebPage\",\"@id\":\"https:\/\/www.syteca.com\/pl\/blog\/zgodnosc-ekran-system-z-rodo\",\"url\":\"https:\/\/www.syteca.com\/pl\/blog\/zgodnosc-ekran-system-z-rodo\",\"name\":\"Zgodno\u015b\u0107 Syteca z RODO | Syteca\",\"isPartOf\":{\"@id\":\"https:\/\/www.syteca.com\/pl#website\"},\"primaryImageOfPage\":{\"@id\":\"https:\/\/www.syteca.com\/pl\/blog\/zgodnosc-ekran-system-z-rodo#primaryimage\"},\"image\":{\"@id\":\"https:\/\/www.syteca.com\/pl\/blog\/zgodnosc-ekran-system-z-rodo#primaryimage\"},\"thumbnailUrl\":\"https:\/\/www.syteca.com\/wp-content\/uploads\/2023\/04\/gdpr_0.jpg\",\"datePublished\":\"2018-01-08T07:00:00+00:00\",\"dateModified\":\"2024-02-20T17:46:53+00:00\",\"author\":{\"@id\":\"https:\/\/www.syteca.com\/pl#\/schema\/person\/328bfce3a5bccd4ff88da7867ce5e877\"},\"description\":\"RODO (GDPR - General Data Protection Regulation) to unijne Rozporz\u0105dzenie o Ochronie Danych Osobowych, kt\u00f3re zacznie obowi\u0105zywa\u0107 25 maja 2018. Zosta\u0142o ono jednak przyj\u0119te przez Parlament Europejski i Rad\u0119 Unii Europejskiej ju\u017c w 2016 roku. Co wa\u017cne, nowe prawo nie wymaga zgody poszczeg\u00f3lnych pa\u0144stw cz\u0142onkowskich, ale b\u0119dzie obowi\u0105zywa\u0107 na terenie ca\u0142ej UE.RODO \u2013 nowe regulacje dotycz\u0105ce przetwarzania danych osobowych\u00a0\",\"breadcrumb\":{\"@id\":\"https:\/\/www.syteca.com\/pl\/blog\/zgodnosc-ekran-system-z-rodo#breadcrumb\"},\"inLanguage\":\"pl-PL\",\"potentialAction\":[{\"@type\":\"ReadAction\",\"target\":[\"https:\/\/www.syteca.com\/pl\/blog\/zgodnosc-ekran-system-z-rodo\"]}]},{\"@type\":\"ImageObject\",\"inLanguage\":\"pl-PL\",\"@id\":\"https:\/\/www.syteca.com\/pl\/blog\/zgodnosc-ekran-system-z-rodo#primaryimage\",\"url\":\"https:\/\/www.syteca.com\/wp-content\/uploads\/2023\/04\/gdpr_0.jpg\",\"contentUrl\":\"https:\/\/www.syteca.com\/wp-content\/uploads\/2023\/04\/gdpr_0.jpg\",\"width\":730,\"height\":250},{\"@type\":\"BreadcrumbList\",\"@id\":\"https:\/\/www.syteca.com\/pl\/blog\/zgodnosc-ekran-system-z-rodo#breadcrumb\",\"itemListElement\":[{\"@type\":\"ListItem\",\"position\":1,\"name\":\"Zgodno\u015b\u0107\",\"item\":\"https:\/\/www.syteca.com\/pl\/blog\/category\/industry-compliance\"},{\"@type\":\"ListItem\",\"position\":2,\"name\":\"Zgodno\u015b\u0107 Syteca z RODO\"}]},{\"@type\":\"WebSite\",\"@id\":\"https:\/\/www.syteca.com\/pl#website\",\"url\":\"https:\/\/www.syteca.com\/pl\",\"name\":\"Syteca\",\"description\":\"Syteca | software to monitor privileged users and audit employee activity, detect insider threats, and protect servers in real time. Try a free demo now!\",\"potentialAction\":[{\"@type\":\"SearchAction\",\"target\":{\"@type\":\"EntryPoint\",\"urlTemplate\":\"https:\/\/www.syteca.com\/pl?s={search_term_string}\"},\"query-input\":{\"@type\":\"PropertyValueSpecification\",\"valueRequired\":true,\"valueName\":\"search_term_string\"}}],\"inLanguage\":\"pl-PL\"},{\"@type\":\"Person\",\"@id\":\"https:\/\/www.syteca.com\/pl#\/schema\/person\/328bfce3a5bccd4ff88da7867ce5e877\",\"name\":\"Pawel Chudzinski\",\"image\":{\"@type\":\"ImageObject\",\"inLanguage\":\"pl-PL\",\"@id\":\"https:\/\/www.syteca.com\/pl#\/schema\/person\/image\/\",\"url\":\"https:\/\/syteca_site_uploads.storage.googleapis.com\/wp-content\/uploads\/2024\/02\/20111330\/Pawel.png\",\"contentUrl\":\"https:\/\/syteca_site_uploads.storage.googleapis.com\/wp-content\/uploads\/2024\/02\/20111330\/Pawel.png\",\"caption\":\"Pawel Chudzinski\"},\"description\":\"Pawel has been involved in the cybersecurity industry for 8 years, and has been associated with IT for over a decade. He independently introduced the innovative product Syteca to the Polish market, which is now recognized among the largest Polish companies and has become a recognizable brand in the field of ITM and PAM solutions. Currently, together with his team of specialists, he deals with comprehensive activities in the field of implementation and maintenance of IT security solutions. In contact with clients, Pawel focuses on open communication and partnership cooperation. He is constantly developing in the field of modern sales and marketing, being at the same time an IT security expert and entrepreneur.\",\"sameAs\":[\"https:\/\/www.linkedin.com\/in\/pawelchudzinski\/\"],\"url\":\"https:\/\/www.syteca.com\/pl\/blog\/author\/pawel-chudzinski\"}]}<\/script>\n<!-- \/ Yoast SEO plugin. -->","yoast_head_json":{"title":"Zgodno\u015b\u0107 Syteca z RODO | Syteca","description":"RODO (GDPR - General Data Protection Regulation) to unijne Rozporz\u0105dzenie o Ochronie Danych Osobowych, kt\u00f3re zacznie obowi\u0105zywa\u0107 25 maja 2018. Zosta\u0142o ono jednak przyj\u0119te przez Parlament Europejski i Rad\u0119 Unii Europejskiej ju\u017c w 2016 roku. Co wa\u017cne, nowe prawo nie wymaga zgody poszczeg\u00f3lnych pa\u0144stw cz\u0142onkowskich, ale b\u0119dzie obowi\u0105zywa\u0107 na terenie ca\u0142ej UE.RODO \u2013 nowe regulacje dotycz\u0105ce przetwarzania danych osobowych\u00a0","robots":{"index":"index","follow":"follow","max-snippet":"max-snippet:-1","max-image-preview":"max-image-preview:large","max-video-preview":"max-video-preview:-1"},"canonical":"https:\/\/www.syteca.com\/pl\/blog\/zgodnosc-ekran-system-z-rodo","og_locale":"pl_PL","og_type":"article","og_title":"Zgodno\u015b\u0107 Syteca z RODO | Syteca","og_description":"RODO (GDPR - General Data Protection Regulation) to unijne Rozporz\u0105dzenie o Ochronie Danych Osobowych, kt\u00f3re zacznie obowi\u0105zywa\u0107 25 maja 2018. Zosta\u0142o ono jednak przyj\u0119te przez Parlament Europejski i Rad\u0119 Unii Europejskiej ju\u017c w 2016 roku. Co wa\u017cne, nowe prawo nie wymaga zgody poszczeg\u00f3lnych pa\u0144stw cz\u0142onkowskich, ale b\u0119dzie obowi\u0105zywa\u0107 na terenie ca\u0142ej UE.RODO \u2013 nowe regulacje dotycz\u0105ce przetwarzania danych osobowych\u00a0","og_url":"https:\/\/www.syteca.com\/pl\/blog\/zgodnosc-ekran-system-z-rodo","og_site_name":"Syteca","article_published_time":"2018-01-08T07:00:00+00:00","article_modified_time":"2024-02-20T17:46:53+00:00","og_image":[{"width":730,"height":250,"url":"https:\/\/www.syteca.com\/wp-content\/uploads\/2023\/04\/gdpr_0.jpg","type":"image\/jpeg"}],"author":"Pawel Chudzinski","twitter_card":"summary_large_image","twitter_misc":{"Napisane przez":"Pawel Chudzinski"},"schema":{"@context":"https:\/\/schema.org","@graph":[{"@type":"Article","@id":"https:\/\/www.syteca.com\/pl\/blog\/zgodnosc-ekran-system-z-rodo#article","isPartOf":{"@id":"https:\/\/www.syteca.com\/pl\/blog\/zgodnosc-ekran-system-z-rodo"},"author":{"name":"Pawel Chudzinski","@id":"https:\/\/www.syteca.com\/pl#\/schema\/person\/328bfce3a5bccd4ff88da7867ce5e877"},"headline":"Zgodno\u015b\u0107 Syteca z RODO","datePublished":"2018-01-08T07:00:00+00:00","dateModified":"2024-02-20T17:46:53+00:00","mainEntityOfPage":{"@id":"https:\/\/www.syteca.com\/pl\/blog\/zgodnosc-ekran-system-z-rodo"},"wordCount":1608,"image":{"@id":"https:\/\/www.syteca.com\/pl\/blog\/zgodnosc-ekran-system-z-rodo#primaryimage"},"thumbnailUrl":"https:\/\/www.syteca.com\/wp-content\/uploads\/2023\/04\/gdpr_0.jpg","articleSection":["Zgodno\u015b\u0107"],"inLanguage":"pl-PL"},{"@type":"WebPage","@id":"https:\/\/www.syteca.com\/pl\/blog\/zgodnosc-ekran-system-z-rodo","url":"https:\/\/www.syteca.com\/pl\/blog\/zgodnosc-ekran-system-z-rodo","name":"Zgodno\u015b\u0107 Syteca z RODO | Syteca","isPartOf":{"@id":"https:\/\/www.syteca.com\/pl#website"},"primaryImageOfPage":{"@id":"https:\/\/www.syteca.com\/pl\/blog\/zgodnosc-ekran-system-z-rodo#primaryimage"},"image":{"@id":"https:\/\/www.syteca.com\/pl\/blog\/zgodnosc-ekran-system-z-rodo#primaryimage"},"thumbnailUrl":"https:\/\/www.syteca.com\/wp-content\/uploads\/2023\/04\/gdpr_0.jpg","datePublished":"2018-01-08T07:00:00+00:00","dateModified":"2024-02-20T17:46:53+00:00","author":{"@id":"https:\/\/www.syteca.com\/pl#\/schema\/person\/328bfce3a5bccd4ff88da7867ce5e877"},"description":"RODO (GDPR - General Data Protection Regulation) to unijne Rozporz\u0105dzenie o Ochronie Danych Osobowych, kt\u00f3re zacznie obowi\u0105zywa\u0107 25 maja 2018. Zosta\u0142o ono jednak przyj\u0119te przez Parlament Europejski i Rad\u0119 Unii Europejskiej ju\u017c w 2016 roku. Co wa\u017cne, nowe prawo nie wymaga zgody poszczeg\u00f3lnych pa\u0144stw cz\u0142onkowskich, ale b\u0119dzie obowi\u0105zywa\u0107 na terenie ca\u0142ej UE.RODO \u2013 nowe regulacje dotycz\u0105ce przetwarzania danych osobowych\u00a0","breadcrumb":{"@id":"https:\/\/www.syteca.com\/pl\/blog\/zgodnosc-ekran-system-z-rodo#breadcrumb"},"inLanguage":"pl-PL","potentialAction":[{"@type":"ReadAction","target":["https:\/\/www.syteca.com\/pl\/blog\/zgodnosc-ekran-system-z-rodo"]}]},{"@type":"ImageObject","inLanguage":"pl-PL","@id":"https:\/\/www.syteca.com\/pl\/blog\/zgodnosc-ekran-system-z-rodo#primaryimage","url":"https:\/\/www.syteca.com\/wp-content\/uploads\/2023\/04\/gdpr_0.jpg","contentUrl":"https:\/\/www.syteca.com\/wp-content\/uploads\/2023\/04\/gdpr_0.jpg","width":730,"height":250},{"@type":"BreadcrumbList","@id":"https:\/\/www.syteca.com\/pl\/blog\/zgodnosc-ekran-system-z-rodo#breadcrumb","itemListElement":[{"@type":"ListItem","position":1,"name":"Zgodno\u015b\u0107","item":"https:\/\/www.syteca.com\/pl\/blog\/category\/industry-compliance"},{"@type":"ListItem","position":2,"name":"Zgodno\u015b\u0107 Syteca z RODO"}]},{"@type":"WebSite","@id":"https:\/\/www.syteca.com\/pl#website","url":"https:\/\/www.syteca.com\/pl","name":"Syteca","description":"Syteca | software to monitor privileged users and audit employee activity, detect insider threats, and protect servers in real time. Try a free demo now!","potentialAction":[{"@type":"SearchAction","target":{"@type":"EntryPoint","urlTemplate":"https:\/\/www.syteca.com\/pl?s={search_term_string}"},"query-input":{"@type":"PropertyValueSpecification","valueRequired":true,"valueName":"search_term_string"}}],"inLanguage":"pl-PL"},{"@type":"Person","@id":"https:\/\/www.syteca.com\/pl#\/schema\/person\/328bfce3a5bccd4ff88da7867ce5e877","name":"Pawel Chudzinski","image":{"@type":"ImageObject","inLanguage":"pl-PL","@id":"https:\/\/www.syteca.com\/pl#\/schema\/person\/image\/","url":"https:\/\/syteca_site_uploads.storage.googleapis.com\/wp-content\/uploads\/2024\/02\/20111330\/Pawel.png","contentUrl":"https:\/\/syteca_site_uploads.storage.googleapis.com\/wp-content\/uploads\/2024\/02\/20111330\/Pawel.png","caption":"Pawel Chudzinski"},"description":"Pawel has been involved in the cybersecurity industry for 8 years, and has been associated with IT for over a decade. He independently introduced the innovative product Syteca to the Polish market, which is now recognized among the largest Polish companies and has become a recognizable brand in the field of ITM and PAM solutions. Currently, together with his team of specialists, he deals with comprehensive activities in the field of implementation and maintenance of IT security solutions. In contact with clients, Pawel focuses on open communication and partnership cooperation. He is constantly developing in the field of modern sales and marketing, being at the same time an IT security expert and entrepreneur.","sameAs":["https:\/\/www.linkedin.com\/in\/pawelchudzinski\/"],"url":"https:\/\/www.syteca.com\/pl\/blog\/author\/pawel-chudzinski"}]}},"_links":{"self":[{"href":"https:\/\/www.syteca.com\/pl\/wp-json\/wp\/v2\/posts\/14316","targetHints":{"allow":["GET"]}}],"collection":[{"href":"https:\/\/www.syteca.com\/pl\/wp-json\/wp\/v2\/posts"}],"about":[{"href":"https:\/\/www.syteca.com\/pl\/wp-json\/wp\/v2\/types\/post"}],"author":[{"embeddable":true,"href":"https:\/\/www.syteca.com\/pl\/wp-json\/wp\/v2\/users\/24"}],"replies":[{"embeddable":true,"href":"https:\/\/www.syteca.com\/pl\/wp-json\/wp\/v2\/comments?post=14316"}],"version-history":[{"count":0,"href":"https:\/\/www.syteca.com\/pl\/wp-json\/wp\/v2\/posts\/14316\/revisions"}],"wp:featuredmedia":[{"embeddable":true,"href":"https:\/\/www.syteca.com\/pl\/wp-json\/wp\/v2\/media\/16163"}],"wp:attachment":[{"href":"https:\/\/www.syteca.com\/pl\/wp-json\/wp\/v2\/media?parent=14316"}],"wp:term":[{"taxonomy":"category","embeddable":true,"href":"https:\/\/www.syteca.com\/pl\/wp-json\/wp\/v2\/categories?post=14316"},{"taxonomy":"post_tag","embeddable":true,"href":"https:\/\/www.syteca.com\/pl\/wp-json\/wp\/v2\/tags?post=14316"}],"curies":[{"name":"wp","href":"https:\/\/api.w.org\/{rel}","templated":true}]}}